{"id":158,"date":"2023-03-01T11:23:00","date_gmt":"2023-03-01T09:23:00","guid":{"rendered":"http:\/\/demo.themegrill.com\/colormag\/?p=158"},"modified":"2024-01-29T12:49:03","modified_gmt":"2024-01-29T10:49:03","slug":"fastest-plane-in-the-world","status":"publish","type":"post","link":"https:\/\/istikametburasi.com\/index.php\/2023\/03\/01\/fastest-plane-in-the-world\/","title":{"rendered":"Rota: \u00dcsk\u00fcp"},"content":{"rendered":"<p>\u00dcsk\u00fcp&#8217;te gezerken size yard\u0131mc\u0131 olacak rotan\u0131z haz\u0131r, keyifli gezmeler!<\/p>\n<h5><strong>1.G\u00dcN<\/strong><\/h5>\n<ul>\n<li>Mustafa Pa\u015fa Camii<\/li>\n<li>Eski T\u00fcrk \u00c7ar\u015f\u0131s\u0131<\/li>\n<li>\u00dcsk\u00fcp Kalesi<\/li>\n<li>Makedonya M\u00fccadele M\u00fczesi<\/li>\n<li>Makedonya Arkeoloji M\u00fczesi<\/li>\n<li>Ta\u015f K\u00f6pr\u00fc<\/li>\n<li>Makedonya Meydan\u0131<\/li>\n<li>B\u00fcy\u00fck \u0130skender An\u0131t\u0131<\/li>\n<li>Aziz Klement Kilisesi<\/li>\n<li>Makedonya Zafer Tag\u0131<\/li>\n<li>Rahibe Terasa An\u0131t Evi<\/li>\n<li>\u00dcsk\u00fcp Sanat K\u00f6pr\u00fcs\u00dc<\/li>\n<\/ul>\n<h5>2.G\u00dcN<\/h5>\n<ul>\n<li>Vodno Da\u011f\u0131 &#8211; Milenyum Ha\u00e7\u0131<\/li>\n<li>Matka Kanyonu<\/li>\n<\/ul>\n<p><strong>\u015eimdi biraz daha detayl\u0131 bilgilere ge\u00e7elim;<\/strong><\/p>\n<p><strong>Mustafa Pa\u015fa Camii<\/strong><\/p>\n<ul>\n<li>T\u00fcrk \u00c7ar\u015f\u0131s\u0131 ve \u00dcsk\u00fcp Kalesi aras\u0131nda konumlanm\u0131\u015f olan camii, 1492 y\u0131l\u0131nda Yavuz Sultan Selim\u2019in veziri olan Mustafa Pa\u015fa taraf\u0131ndan yapt\u0131r\u0131lm\u0131\u015f<\/li>\n<\/ul>\n<p><strong>Eski T\u00fcrk \u00c7ar\u015f\u0131s\u0131<\/strong><\/p>\n<ul>\n<li>\u015eehirde ya\u015fayan T\u00fcrklerin bir\u00e7o\u011funa rastalayabilece\u011finiz \u00e7ar\u015f\u0131da hediyelik e\u015fyalardan yeme-i\u00e7meye kadar pek \u00e7ok alternatifi bulabilirsiniz.<br \/>\nAyr\u0131ca \u00e7ar\u015f\u0131n\u0131n sokaklar\u0131nda y\u00fcr\u00fcrken \u00c7ifte Hamam ve Sulu Han\u2019\u0131 da g\u00f6rebilirsiniz<\/li>\n<\/ul>\n<p><strong>\u00dcsk\u00fcp Kalesi<\/strong><\/p>\n<ul>\n<li>\u00dcsk\u00fcp Kalesi (Kale\u2019ye giri\u015f \u00fccretsiz, hala sa\u011flam duran surlar \u00fczerinde y\u00fcr\u00fcyerek \u00dcsk\u00fcp \u015fehrinin g\u00fczel manzaras\u0131n\u0131 g\u00f6rebilirsiniz.<\/li>\n<li>Ayr\u0131ca surlar \u00fczerinde bulunan \u00e7ardak gibi oturma yerlerinde de manzaraya kar\u015f\u0131 keyifli vakit ge\u00e7irebilirsiniz.Kale ilk olarak MS 6. y\u00fczy\u0131lda in\u015fa edilmi\u015f. 518 y\u0131l\u0131nda bir deprem ile hasar g\u00f6ren kale y\u0131k\u0131lm\u0131\u015f. Ard\u0131ndan tekrar in\u015fa edilen kale, tarih boyu sava\u015flar s\u0131ras\u0131nda hasar g\u00f6rm\u00fc\u015f.<\/li>\n<li>1660 y\u0131l\u0131nda T\u00fcrk gezgin Evliya \u00c7elebi de Seyahatnamesi\u2019nde bu kaleden bahsetmi\u015f.<\/li>\n<li>Osmanl\u0131 \u0130mparatorlu\u011fu d\u00f6nemi sonras\u0131nda 1963 y\u0131l\u0131nda \u00dcsk\u00fcp\u2019te ya\u015fanan bir deprem de tekrar hasar g\u00f6ren kalede g\u00fcn\u00fcm\u00fcze kadar bir onar\u0131m \u00e7al\u0131\u015fmas\u0131 yap\u0131lmam\u0131\u015f)<\/li>\n<\/ul>\n<p><strong>Makedonya M\u00fccadele M\u00fczesi<\/strong><\/p>\n<ul>\n<li>M\u00fcze, 16 farkl\u0131 b\u00f6l\u00fcmden olu\u015fuyor ve 109 farkl\u0131 ki\u015finin balmumu heykelini bar\u0131nd\u0131r\u0131yor. \u00dcsk\u00fcp\u2019te gezerken en \u00e7ok etkilendi\u011fim m\u00fcze oldu, mutlaka u\u011framan\u0131z\u0131 tavsiye ediyorum.<\/li>\n<li>M\u00fcze, Makedon ulusunun ge\u00e7mi\u015fte ba\u011f\u0131ms\u0131zl\u0131klar\u0131 i\u00e7in verdikleri m\u00fccadeley\u015f sergilemekte. Makedonya Cumhuriyet\u015f Ba\u011f\u0131ms\u0131zl\u0131k Bildirgesi de m\u00fcze salonunda sergileniyor.<\/li>\n<li>Not: M\u00fcze i\u00e7erisinde foto\u011fraf \u00e7ekilmesi kesinlikle yasak, akl\u0131n\u0131zda bulunsun \ud83d\ude42<\/li>\n<\/ul>\n<p><strong>Makedonya Arkeoloji M\u00fczesi<\/strong><\/p>\n<ul>\n<li>Koleksiyonunda tarih \u00f6ncesinden Orta\u00e7a\u011f\u2019a kadar tarihin bir\u00e7ok d\u00f6nemine ait 6 binden fazla obje bulunduran 3 katl\u0131 m\u00fcze arkeolojik eserlerin yan\u0131 s\u0131ra balmumu heykeller, tablolar, mozaikler ve video-animasyonlar ile olduk\u00e7a zengin bir i\u00e7eri\u011fe sahip.<\/li>\n<\/ul>\n<p><strong>Ta\u015f K\u00f6pr\u00fc<\/strong><\/p>\n<ul>\n<li>\u015eehrin iki yakas\u0131n\u0131, Eski \u00dcsk\u00fcp ve Yeni \u00dcsk\u00fcp, birbirine ba\u011flayan tarihi k\u00f6pr\u00fc.<\/li>\n<\/ul>\n<p><strong>Makedonya Meydan\u0131 &#8211; B\u00fcy\u00fck \u0130skender An\u0131t\u0131<\/strong><\/p>\n<ul>\n<li>B\u00fcy\u00fck \u0130skender An\u0131t\u0131\u2019n\u0131n yer ald\u0131\u011f\u0131 Makedonya Meydan\u0131 Ta\u015f K\u00f6pr\u00fc\u2019n\u00fcn bir taraf\u0131nda sizi kar\u015f\u0131l\u0131yor. Etraf\u0131 t\u00fcrl\u00fc restoran, bar ve kafelerle \u00e7evrelenmi\u015f olan meydan \u015fehrin her saat en kalabal\u0131k noktalar\u0131ndan birisi.<\/li>\n<\/ul>\n<p><strong>Aziz Klement Kilisesi<\/strong><\/p>\n<ul>\n<li>\u00d6zellikle i\u00e7 mimarisi ile beni kendine hayran b\u0131rakan noktalardan biri oldu. Mutlaka u\u011framan\u0131z\u0131 tavsiye ediyorum.<\/li>\n<\/ul>\n<p><strong>Makedonya Zafer Tag\u0131<\/strong><\/p>\n<ul>\n<li>Makedon halk\u0131n\u0131n ba\u011f\u0131ms\u0131zl\u0131\u011f\u0131n\u0131 ve vermi\u015f oldu\u011fu m\u00fccadelelerin bir sembol\u00fc olarak d\u00fc\u015f\u00fcn\u00fclm\u00fc\u015f.<\/li>\n<li>Makedonya Meydan\u0131\u2019ndan Kap\u0131\u2019ya do\u011fru ilerleyip kap\u0131dan ge\u00e7ti\u011finiz zaman biraz ileride sizi bir park kar\u015f\u0131layacak. \u0130\u00e7erisinde \u00e7ok say\u0131da farkl\u0131 heykel bulunduran bu park\u0131 da g\u00f6rmenizi \u00f6neririm.<\/li>\n<\/ul>\n<p><strong>Rahibe Terasa An\u0131t Evi<\/strong><\/p>\n<ul>\n<li>Kendini insani bar\u0131\u015fa adam\u0131\u015f ve Nobel Bar\u0131\u015f \u00d6d\u00fcl\u00fc sahibi Rahibe Teresa\u2019n\u0131n 1910-1928 y\u0131llar\u0131nda \u00dcsk\u00fcp\u2019te bulundu\u011fu d\u00f6nemde ya\u015fam\u0131\u015f oldu\u011fu an\u0131t ev.<\/li>\n<\/ul>\n<p><strong>\u00dcsk\u00fcp Sanat K\u00f6pr\u00fcs\u00fc<\/strong><\/p>\n<ul>\n<li>\u00dczerinde Makedonya tarihine iz b\u0131rakm\u0131\u015f \u00fcnl\u00fclerin heykellerinin bulundu\u011fu k\u00f6pr\u00fc, olduk\u00e7a farkl\u0131 ve pek \u00e7ok noktadan g\u00fczel foto\u011fraf kareleri sunuyor.<\/li>\n<\/ul>\n<p><strong>Vodno Da\u011f\u0131 &#8211; Milenyum Da\u011f\u0131<\/strong><\/p>\n<ul>\n<li>Yap\u0131m\u0131 Makedon Ortodoks Kilisesi taraf\u0131ndan \u00fcstlenilen Milenyum Ha\u00e7\u0131 2002 y\u0131l\u0131nda Hristiyanl\u0131\u011f\u0131n 2000. y\u0131l\u0131 \u015ferefine Vodno Da\u011f\u0131\u2019n\u0131n zirvesine in\u015fa edilmi\u015f.<\/li>\n<li>Dini de\u011ferinin yan\u0131 s\u0131ra, zirveden sunuluan e\u015fsiz \u00dcsk\u00fcp manzaras\u0131 sebebiyle de her y\u0131l turistler taraf\u0131ndan s\u0131k\u00e7a ziyaret edilen bir nokta.<\/li>\n<li>Otob\u00fcs ile belli bir noktaya kadar gidip ard\u0131ndan teleferik ile da\u011f\u0131n tepesine ula\u015f\u0131yorsunuz.<\/li>\n<\/ul>\n<p><strong>Matka Kanyonu<\/strong><\/p>\n<ul>\n<li>Muhte\u015fem do\u011fas\u0131 ile Matka Kanyonu sizi bekliyor. Pek \u00e7ok farkl\u0131 aktiviteyi yapabilece\u011finiz kanyonu isterseniz tekne turu ile ke\u015ffedin isterseniz de y\u00fcr\u00fcyerek do\u011fan\u0131n tad\u0131n\u0131 \u00e7\u0131kar\u0131n.<\/li>\n<li>Not: Kanyonda karn\u0131n\u0131z\u0131 doyurabilece\u011finiz restoranlar bulunuyor.<\/li>\n<\/ul>\n<h6>G\u00dcN\u00dcB\u0130RL\u0130K TETOVO<\/h6>\n<ul>\n<li><strong>Alaca Camii<\/strong> Makedonya\u2019da mutlaka g\u00f6rmeniz gereken bir durak. Al\u0131\u015f\u0131lagelmi\u015f camii mimarisinden \u00e7ok farkl\u0131 i\u00e7 ve d\u0131\u015f mimariye sahip olan Alaca Camii\u2019yi gezerken hayran kald\u0131m. Kelimelerle anlatmak bir yerden sonra zor olabiliyor, bu sebeple mutlaka u\u011framan\u0131z\u0131 \u00f6neriyorum.<\/li>\n<li>\u00dcsk\u00fcp\u2019ten Tetovo\u2019ya yar\u0131m saatte bir otob\u00fcs kalk\u0131yor. Yakla\u015f\u0131k 45 dakikal\u0131k bir yolculuk sonucu Tetovo\u2019ya var\u0131yorsunuz ve otob\u00fcs terminalinden 15-20 dakika y\u00fcr\u00fcyerek camiiye ula\u015fabilirsiniz.<\/li>\n<\/ul>\n","protected":false},"excerpt":{"rendered":"<p>\u00dcsk\u00fcp&#8217;te gezerken size yard\u0131mc\u0131 olacak rotan\u0131z haz\u0131r, keyifli gezmeler! 1.G\u00dcN Mustafa Pa\u015fa Camii Eski T\u00fcrk \u00c7ar\u015f\u0131s\u0131 \u00dcsk\u00fcp Kalesi Makedonya M\u00fccadele<\/p>\n","protected":false},"author":1,"featured_media":839,"comment_status":"closed","ping_status":"open","sticky":false,"template":"","format":"standard","meta":{"om_disable_all_campaigns":false,"_mi_skip_tracking":false},"categories":[4],"tags":[],"_links":{"self":[{"href":"https:\/\/istikametburasi.com\/index.php\/wp-json\/wp\/v2\/posts\/158"}],"collection":[{"href":"https:\/\/istikametburasi.com\/index.php\/wp-json\/wp\/v2\/posts"}],"about":[{"href":"https:\/\/istikametburasi.com\/index.php\/wp-json\/wp\/v2\/types\/post"}],"author":[{"embeddable":true,"href":"https:\/\/istikametburasi.com\/index.php\/wp-json\/wp\/v2\/users\/1"}],"replies":[{"embeddable":true,"href":"https:\/\/istikametburasi.com\/index.php\/wp-json\/wp\/v2\/comments?post=158"}],"version-history":[{"count":3,"href":"https:\/\/istikametburasi.com\/index.php\/wp-json\/wp\/v2\/posts\/158\/revisions"}],"predecessor-version":[{"id":847,"href":"https:\/\/istikametburasi.com\/index.php\/wp-json\/wp\/v2\/posts\/158\/revisions\/847"}],"wp:featuredmedia":[{"embeddable":true,"href":"https:\/\/istikametburasi.com\/index.php\/wp-json\/wp\/v2\/media\/839"}],"wp:attachment":[{"href":"https:\/\/istikametburasi.com\/index.php\/wp-json\/wp\/v2\/media?parent=158"}],"wp:term":[{"taxonomy":"category","embeddable":true,"href":"https:\/\/istikametburasi.com\/index.php\/wp-json\/wp\/v2\/categories?post=158"},{"taxonomy":"post_tag","embeddable":true,"href":"https:\/\/istikametburasi.com\/index.php\/wp-json\/wp\/v2\/tags?post=158"}],"curies":[{"name":"wp","href":"https:\/\/api.w.org\/{rel}","templated":true}]}}