{"id":66,"date":"2025-04-21T14:58:00","date_gmt":"2025-04-21T12:58:00","guid":{"rendered":"http:\/\/demo.themegrill.com\/colormag\/?p=66"},"modified":"2025-07-17T22:13:21","modified_gmt":"2025-07-17T20:13:21","slug":"color-your-hair-3","status":"publish","type":"post","link":"https:\/\/istikametburasi.com\/index.php\/2025\/04\/21\/color-your-hair-3\/","title":{"rendered":"G\u00fcney Kore Maceras\u0131"},"content":{"rendered":"<p class=\"p1\"><b>2019: Uzak Do\u011fu\u2019ya Yolculuk ve G\u00fcney Kore\u2019de Bir De\u011fi\u015fim Hikayesi<\/b><\/p>\n<p class=\"p1\">Uzak Do\u011fu hakk\u0131nda hi\u00e7bir fikrim yokken, 2019 y\u0131l\u0131nda tamamen i\u00e7imden gelen bir \u201cNeden olmas\u0131n?\u201d sorusuyla kendimi 6 ayl\u0131\u011f\u0131na de\u011fi\u015fim \u00f6\u011frencisi olarak G\u00fcney Kore\u2019de buldum. Bu macera, hayat\u0131mda derin izler b\u0131rakan pek \u00e7ok an\u0131yla doluydu. Olduk\u00e7a farkl\u0131 ve ilgin\u00e7 bir k\u00fclt\u00fcr\u00fc tan\u0131d\u0131m, yeni arkada\u015fl\u0131klar edindim ve belki de en \u00f6nemlisi, <b>\u201cistikametburasi\u201d<\/b> konsepti bu s\u00fcre\u00e7te hayat buldu.<\/p>\n<p class=\"p1\">Hepimiz biliyoruz ki \u00fclkemizde G\u00fcney Kore\u2019ye duyulan hayranl\u0131k epey y\u00fcksek. Kore dizilerinden K-pop\u2019a kadar pek \u00e7ok alanda bu ilgi her ge\u00e7en g\u00fcn art\u0131yor. Ancak benim hik\u00e2yem biraz farkl\u0131yd\u0131. Kore\u2019ye kar\u015f\u0131 bir hayranl\u0131k bir yana, bir g\u00fcn gidip g\u00f6rmek isteyip istemedi\u011fimi bile hi\u00e7 d\u00fc\u015f\u00fcnmemi\u015ftim. O d\u00f6nemde odak noktam tamamen Avrupa\u2019y\u0131 ke\u015ffetmekti. Ger\u00e7ekten de Uzak Do\u011fu, ad\u0131 gibi \u201cuzak\u201d bir yerdi benim i\u00e7in.<\/p>\n<p class=\"p1\">\u00dcniversitedeki arkada\u015flar\u0131mla hala konu\u015ftu\u011fumuzda, bu karar\u0131 nas\u0131l ve neden verdi\u011fimi kimse \u00e7\u00f6zemiyor. Ama bir \u015fekilde kendimi G\u00fcney Kore\u2019nin prestijli okullar\u0131ndan biri olan <b>KAIST<\/b> (Korea Advanced Institute of Science and Technology) \u00f6\u011frencisi olarak buldum.<\/p>\n<p class=\"p1\"><b>Kore\u2019de \u0130lk G\u00fcnlerim: Bir Turistten Fazlas\u0131 Olmak<\/b><b><\/b><\/p>\n<p class=\"p3\">Seoul Havaliman\u0131\u2019na indi\u011fimde, tabelalardaki yaz\u0131lar\u0131 g\u00f6rd\u00fc\u011f\u00fcm an\u0131 hi\u00e7 unutmuyorum. Harflerin okunu\u015fu hakk\u0131nda hi\u00e7bir fikrim yoktu ve bu tan\u0131ms\u0131zl\u0131k hem bir stres hem de tarifsiz bir heyecan dalgas\u0131n\u0131 beraberinde getirdi. \u201cBen burada ne yap\u0131yorum?\u201d diye kendi kendime sorgulad\u0131\u011f\u0131m an, bu yeni maceran\u0131n ger\u00e7ekli\u011fiyle y\u00fczle\u015fti\u011fim and\u0131.<\/p>\n<p class=\"p3\">Seoul\u2019un sokaklar\u0131nda dola\u015f\u0131rken, modern mimariye sahip g\u00f6kdelenlerin tarihi tap\u0131naklarla yan yana durdu\u011fu o b\u00fcy\u00fcleyici atmosfer, adeta beni i\u00e7ine \u00e7ekmi\u015fti. \u0130lk g\u00fcnlerde, bu deneyim bana bir turist gibi hissettirdi. Sanki 1 hafta sonra \u00fclkeme d\u00f6necekmi\u015fim gibi d\u00fc\u015f\u00fcn\u00fcyordum. Ancak bu sadece ba\u015flang\u0131\u00e7t\u0131.<\/p>\n<p class=\"p1\"><b>Kamp\u00fcs Hayat\u0131: KAIST\u2019te Bir Yabanc\u0131<\/b><b><\/b><\/p>\n<p class=\"p3\">KAIST\u2019teki ilk g\u00fcnlerim, hayat\u0131m\u0131n en ilgin\u00e7 deneyimlerinden biriydi. Korelilerin akademik ba\u015far\u0131ya verdikleri \u00f6nem, kamp\u00fcs\u00fcn y\u00fcksek teknolojiyle donat\u0131lm\u0131\u015f yap\u0131s\u0131 ve \u00f6\u011frencilerin \u00e7al\u0131\u015fma disiplini beni hem etkiledi hem de \u015fa\u015f\u0131rtt\u0131. Fakat ilk ba\u015flarda bir zorluk vard\u0131: s\u0131n\u0131fta yaln\u0131zca yabanc\u0131 \u00f6\u011frenci bendim ve Koreli \u00f6\u011frencilerle ileti\u015fim kurmak sand\u0131\u011f\u0131mdan daha zor oldu. Koreliler genelde olduk\u00e7a yard\u0131msever insanlar olsa da \u00fcniversite ortam\u0131nda yabanc\u0131larla kayna\u015fma konusunda daha mesafeli bir tutum sergiliyorlard\u0131.<\/p>\n<p class=\"p3\">Bu zorluklar zamanla etkinlikler, spor aktiviteleri ve sosyal organizasyonlar sayesinde hafifledi. Yeni arkada\u015fl\u0131klar kurduk\u00e7a, Kore\u2019nin g\u00fcnl\u00fck hayat\u0131na ve k\u00fclt\u00fcr\u00fcne daha fazla dahil olmaya ba\u015flad\u0131m. \u015eehrin sokaklar\u0131n\u0131 ke\u015ffetmek, Kore mutfa\u011f\u0131n\u0131 \u00f6\u011frenmeye \u00e7al\u0131\u015fmak ve yerel rit\u00fcellere kat\u0131lmak, bu 6 ayl\u0131k deneyimi e\u015fsiz bir hale getirdi.<\/p>\n<p class=\"p3\">Devam eden g\u00fcnlerde, \u201cistikametburasi\u201d fikrinin nas\u0131l \u015fekillendi\u011fini ve G\u00fcney Kore\u2019nin bende b\u0131rakt\u0131\u011f\u0131 izleri anlataca\u011f\u0131m. Bu deneyim, sadece bir de\u011fi\u015fim program\u0131 de\u011fil, ayn\u0131 zamanda hayata farkl\u0131 bir pencereden bakmam\u0131 sa\u011flayan bir yolculuktu\ud83d\ude0a<\/p>\n<p><img decoding=\"async\" loading=\"lazy\" class=\"wp-image-1606 alignleft\" src=\"http:\/\/istikametburasi.com\/wp-content\/uploads\/2023\/02\/kaist-1-300x300.png\" alt=\"\" width=\"233\" height=\"233\" srcset=\"https:\/\/istikametburasi.com\/wp-content\/uploads\/2023\/02\/kaist-1-300x300.png 300w, https:\/\/istikametburasi.com\/wp-content\/uploads\/2023\/02\/kaist-1-1024x1024.png 1024w, https:\/\/istikametburasi.com\/wp-content\/uploads\/2023\/02\/kaist-1-150x150.png 150w, https:\/\/istikametburasi.com\/wp-content\/uploads\/2023\/02\/kaist-1-768x768.png 768w, https:\/\/istikametburasi.com\/wp-content\/uploads\/2023\/02\/kaist-1.png 1080w\" sizes=\"(max-width: 233px) 100vw, 233px\" \/> <img decoding=\"async\" loading=\"lazy\" class=\"wp-image-1607 alignleft\" src=\"http:\/\/istikametburasi.com\/wp-content\/uploads\/2023\/02\/kaist-2-300x300.png\" alt=\"\" width=\"234\" height=\"234\" srcset=\"https:\/\/istikametburasi.com\/wp-content\/uploads\/2023\/02\/kaist-2-300x300.png 300w, https:\/\/istikametburasi.com\/wp-content\/uploads\/2023\/02\/kaist-2-1024x1024.png 1024w, https:\/\/istikametburasi.com\/wp-content\/uploads\/2023\/02\/kaist-2-150x150.png 150w, https:\/\/istikametburasi.com\/wp-content\/uploads\/2023\/02\/kaist-2-768x768.png 768w, https:\/\/istikametburasi.com\/wp-content\/uploads\/2023\/02\/kaist-2.png 1080w\" sizes=\"(max-width: 234px) 100vw, 234px\" \/> <img decoding=\"async\" loading=\"lazy\" class=\"wp-image-1608 alignleft\" src=\"http:\/\/istikametburasi.com\/wp-content\/uploads\/2023\/02\/kaist-3-300x300.png\" alt=\"\" width=\"233\" height=\"233\" srcset=\"https:\/\/istikametburasi.com\/wp-content\/uploads\/2023\/02\/kaist-3-300x300.png 300w, https:\/\/istikametburasi.com\/wp-content\/uploads\/2023\/02\/kaist-3-1024x1024.png 1024w, https:\/\/istikametburasi.com\/wp-content\/uploads\/2023\/02\/kaist-3-150x150.png 150w, https:\/\/istikametburasi.com\/wp-content\/uploads\/2023\/02\/kaist-3-768x768.png 768w, https:\/\/istikametburasi.com\/wp-content\/uploads\/2023\/02\/kaist-3.png 1080w\" sizes=\"(max-width: 233px) 100vw, 233px\" \/><\/p>\n<p class=\"p1\"><b>Daejeon: Kamp\u00fcse \u0130lk Ad\u0131m ve \u0130lk G\u00fcnlerin Heyecan\u0131<\/b><b><\/b><\/p>\n<p class=\"p3\">Ne zaman ki \u00fcniversitemin bulundu\u011fu \u015fehir olan <b>Daejeon<\/b>\u2019a ula\u015ft\u0131m ve KAIST\u2019in kamp\u00fcs\u00fcn\u00fc g\u00f6rd\u00fcm, o anda i\u00e7imde birbirine kar\u0131\u015fan duygular\u0131n fark\u0131na vard\u0131m. Endi\u015fe, biraz korku ama en \u00e7ok da heyecan ve stres\u2026 Yepyeni bir d\u00fcnyan\u0131n kap\u0131lar\u0131n\u0131 aralam\u0131\u015ft\u0131m ve neyle kar\u015f\u0131la\u015faca\u011f\u0131m\u0131 hi\u00e7 bilmiyordum.<\/p>\n<p class=\"p3\">Odama yerle\u015fip ilk kez d\u0131\u015far\u0131 \u00e7\u0131kt\u0131\u011f\u0131m g\u00fcn, her an\u0131 o kadar net bir \u015fekilde haf\u0131zama kaz\u0131nd\u0131 ki, \u00fczerinden y\u0131llar ge\u00e7mesine ra\u011fmen hala o hissiyat\u0131 \u00e7ok canl\u0131 bir \u015fekilde hat\u0131rl\u0131yorum. Kamp\u00fcste benim gibi d\u00fcnyan\u0131n d\u00f6rt bir yan\u0131ndan gelen pek \u00e7ok \u00f6\u011frenci vard\u0131. Ancak aram\u0131zda bir fark vard\u0131: <b>Onlar genelde arkada\u015flar\u0131yla veya tan\u0131d\u0131klar\u0131yla gelmi\u015flerdi.<\/b><b><\/b><\/p>\n<p class=\"p3\">\u00c7o\u011funlukla grup halinde dola\u015fan bu insanlar\u0131 g\u00f6rd\u00fck\u00e7e, tan\u0131\u015fmak i\u00e7in aralar\u0131na kat\u0131lma fikri \u00e7ok cazip gelmedi. Asl\u0131nda bu durum biraz da ki\u015fisel bir al\u0131\u015fkanl\u0131\u011f\u0131mla ilgili. Hi\u00e7 tan\u0131mad\u0131\u011f\u0131m bir grubun i\u00e7ine girip hemen arkada\u015f olmaya \u00e7al\u0131\u015fmak pek bana g\u00f6re de\u011fildir\ud83d\ude05<\/p>\n<p class=\"p1\"><b>\u0130lk G\u00fcnlerin Sessizli\u011fi<\/b><b><\/b><\/p>\n<p class=\"p3\">Bu y\u00fczden ilk \u00fc\u00e7 g\u00fcn\u00fcm\u00fc kamp\u00fcs\u00fc ke\u015ffetmek ve bol bol d\u00fc\u015f\u00fcnmekle ge\u00e7irdim. Daejeon\u2019un sakin sokaklar\u0131nda y\u00fcr\u00fcrken ve kamp\u00fcs\u00fcn modern atmosferini incelerken, bir yandan da s\u0131k s\u0131k kendime \u015fu soruyu soruyordum: <b>\u201cBurada ne yap\u0131yorum? Neden bu kadar uzaktay\u0131m?\u201d<\/b><b><\/b><\/p>\n<p class=\"p3\">Kore\u2019ye dair hi\u00e7bir fikrim olmad\u0131\u011f\u0131 gibi, \u00e7evremde de bu k\u00fclt\u00fcr\u00fc tan\u0131yabilece\u011fim ya da benimle ayn\u0131 heyecan\u0131 payla\u015fabilecek biri yok gibiydi. Bu yaln\u0131zl\u0131k duygusu, k\u0131sa s\u00fcreli\u011fine de olsa sorgulamalara ve i\u00e7e kapan\u0131kl\u0131\u011fa neden oldu.<\/p>\n<p class=\"p1\"><b>Tek Umut: Derslerin Ba\u015flamas\u0131<\/b><b><\/b><\/p>\n<p class=\"p3\">Tek umudum, derslerin ba\u015flamas\u0131yla s\u0131n\u0131f\u0131mdaki insanlarla tan\u0131\u015fmak ve g\u00fczel bir arkada\u015f grubu kurmakt\u0131. Yeni bir k\u00fclt\u00fcr\u00fcn i\u00e7inde, tamamen yabanc\u0131 bir ortamda sosyalle\u015fme zorlu\u011funu a\u015fmak kolay g\u00f6r\u00fcnm\u00fcyordu ama bu durumun uzun s\u00fcrmeyece\u011fini umarak kendime zaman tan\u0131d\u0131m.<\/p>\n<p class=\"p3\">Bu ilk g\u00fcnler, bir nevi kendi i\u00e7ime d\u00f6n\u00fcp yeni bir ortama al\u0131\u015fma s\u00fcrecimin ba\u015flang\u0131c\u0131 oldu. O anlarda zor gibi g\u00f6r\u00fcnse de, bu sessizlik ve yaln\u0131zl\u0131k, asl\u0131nda kendimi tan\u0131mam i\u00e7in b\u00fcy\u00fck bir f\u0131rsatt\u0131. Devam eden g\u00fcnlerde, hem Kore\u2019nin hem de KAIST\u2019in hayat\u0131mda nas\u0131l b\u00fcy\u00fck bir yer edindi\u011fini ke\u015ffetmeye ba\u015flayacakt\u0131m\ud83d\ude0a<\/p>\n<p class=\"p1\">Dersler ba\u015flad\u0131\u011f\u0131nda, hayal etti\u011fim ortamdan olduk\u00e7a farkl\u0131 bir tabloyla kar\u015f\u0131la\u015ft\u0131m. \u00dc\u00e7 dersimin de s\u0131n\u0131flar\u0131nda tek yabanc\u0131 \u00f6\u011frenci bendim ve Koreli \u00f6\u011frencilerin benimle ileti\u015fim kurmak gibi bir niyetleri pek yok gibiydi. Ancak yanl\u0131\u015f anla\u015f\u0131lmalara mahal vermemek ad\u0131na \u015funu belirtmek isterim: <b>Kore halk\u0131 ger\u00e7ekten \u00e7ok yard\u0131msever ve sayg\u0131l\u0131 bir topluluk.<\/b> Yolda birine soru sordu\u011funuzda ya da yard\u0131m istedi\u011finizde, ellerinden gelenin en iyisini yaparak size yard\u0131mc\u0131 olurlar. Temizlik ve sayg\u0131 konusunda da olduk\u00e7a dikkatlidirler. Bu \u00f6zellikler Kore halk\u0131 hakk\u0131nda s\u0131k\u00e7a konu\u015fulur ve ger\u00e7ekten de do\u011frudur. Ancak, \u00fcniversite ortam\u0131nda i\u015fler biraz farkl\u0131 i\u015fliyordu. T\u00fcrkiye\u2019de bir yabanc\u0131 \u00f6\u011frenciye g\u00f6sterilen ilgi ve kayna\u015ft\u0131rma \u00e7abas\u0131 burada tam tersi bir durum sergiliyordu.<\/p>\n<p class=\"p1\">Bu durumu sadece kendi deneyimime dayanarak s\u00f6ylemiyorum; \u00fcniversitemdeki di\u011fer yabanc\u0131 \u00f6\u011frenciler ve di\u011fer \u015fehirlerdeki arkada\u015flar\u0131m\u0131n da ortak \u015fik\u00e2yeti buydu. Yine de bu, benim i\u00e7in b\u00fcy\u00fck bir problem de\u011fildi. K\u0131sa s\u00fcre i\u00e7inde d\u00fczenlenen spor etkinlikleri ve kayna\u015ft\u0131rma organizasyonlar\u0131 sayesinde bir\u00e7ok arkada\u015f edindim. Ancak \u00f6zellikle ilk haftalar olduk\u00e7a zorlay\u0131c\u0131yd\u0131. Hi\u00e7 tan\u0131mad\u0131\u011f\u0131m bir k\u00fclt\u00fcr\u00fcn i\u00e7inde var olmaya \u00e7al\u0131\u015f\u0131rken, s\u0131n\u0131fta konu\u015fabilece\u011fim tek bir ki\u015fi bile olmamas\u0131 beni \u00e7ok yaln\u0131z hissettirdi. Her ders \u00e7\u0131k\u0131\u015f\u0131 ailemi ve arkada\u015flar\u0131m\u0131 aray\u0131p, \u201cNeden buraya geldim? Neden beni durdurmad\u0131n\u0131z?\u201d gibi sitemlerde bulunuyordum.<\/p>\n<p class=\"p1\">Zamanla, G\u00fcney Kore\u2019nin muhte\u015fem \u015fehirlerini ke\u015ffetmek, Daejeon\u2019da ak\u015fam e\u011flencelerine kat\u0131lmak ve yemek k\u00fclt\u00fcr\u00fcne al\u0131\u015fmaya \u00e7al\u0131\u015fmak derken 6 ay\u0131n nas\u0131l ge\u00e7ti\u011fini anlamad\u0131m. Bu arada, merak edenler i\u00e7in; t\u00fcm derslerimi ba\u015far\u0131yla ge\u00e7tim! \ud83d\ude0a<\/p>\n<p class=\"p3\"><b>\u0130lk Haftalardaki Pi\u015fmanl\u0131ktan D\u00f6n\u00fc\u015fteki H\u00fczn\u00fcme<\/b><b><\/b><\/p>\n<p class=\"p1\">D\u00f6n\u00fc\u015f zaman\u0131 yakla\u015ft\u0131k\u00e7a i\u00e7imi bir h\u00fcz\u00fcn kaplamaya ba\u015flad\u0131. \u0130lk haftalarda her g\u00fcn neden geldi\u011fimi sorgularken, 6 ay\u0131n sonunda d\u00f6necek olmaktan dolay\u0131 neredeyse a\u011flayacak hale gelmi\u015ftim. Bu de\u011fi\u015fim, benim i\u00e7in olduk\u00e7a anlaml\u0131 ve \u00f6\u011fretici bir s\u00fcre\u00e7ti. G\u00fcney Kore\u2019de ge\u00e7irdi\u011fim bu zaman, hem kendimi daha iyi tan\u0131mam\u0131 sa\u011flad\u0131 hem de hayat\u0131m boyunca unutamayaca\u011f\u0131m dostluklar kazand\u0131rd\u0131. Birbirinden g\u00fczel \u015fehirlerini ke\u015ffetmek, geleneksel lezzetlerini denemek ve farkl\u0131 bir k\u00fclt\u00fcr\u00fc deneyimlemek paha bi\u00e7ilemezdi.<\/p>\n<p class=\"p1\">Bug\u00fcn biri bana hayat\u0131mdaki \u201c\u0130yi ki\u2019lerin\u201d neler oldu\u011funu sorsa, kesinlikle ilk \u00fc\u00e7e <b>G\u00fcney Kore\u2019de yapt\u0131\u011f\u0131m Exchange<\/b> girer.<\/p>\n<p class=\"p3\"><b>istikametburasi: G\u00fcney Kore\u2019de Ba\u015flayan Bir Ser\u00fcven<\/b><b><\/b><\/p>\n<p class=\"p1\">Peki, bu deneyim \u201c\u0130stikamet Burasi\u201d ile nas\u0131l kesi\u015fti? G\u00fcney Kore\u2019ye gitmeden hemen \u00f6nce, Instagram sayfam\u0131 Avrupa\u2019da gezdi\u011fim yerlerin foto\u011fraflar\u0131n\u0131 ve bilgilerini payla\u015fmak i\u00e7in a\u00e7m\u0131\u015ft\u0131m. Ancak o d\u00f6nemde sayfaya pek de \u00f6nem vermiyordum; daha \u00e7ok an\u0131lar\u0131m\u0131 biriktirece\u011fim bir platform olarak d\u00fc\u015f\u00fcn\u00fcyordum. Ne zaman ki Busan\u2019da bir Budist tap\u0131na\u011f\u0131na gittim ve bir foto\u011fraf payla\u015ft\u0131m, i\u015fte her \u015fey o anda de\u011fi\u015fti. Foto\u011fraf, birka\u00e7 saat i\u00e7inde binlerce be\u011feni ald\u0131. O s\u0131rada yaln\u0131zca 400 civar\u0131nda takip\u00e7im vard\u0131 ama Instagram\u2019a her girdi\u011fimde yeni be\u011feniler geliyordu. \u015ea\u015fk\u0131nl\u0131k ve mutluluk aras\u0131nda gidip gelirken, bir anda mesaj kutum hakaret dolu mesajlarla dolmaya ba\u015flad\u0131. Tap\u0131na\u011f\u0131n foto\u011fraf\u0131n\u0131 payla\u015ft\u0131\u011f\u0131m i\u00e7in baz\u0131 ki\u015filerden \u015fikayet ve hakaret mesajlar\u0131 al\u0131yordum. K\u0131sa bir s\u00fcre sonra Instagram, a\u015f\u0131r\u0131 \u015fikayetten dolay\u0131 foto\u011fraf\u0131 kald\u0131rd\u0131 \ud83d\ude0a<\/p>\n<p class=\"p1\">Bu olay, ba\u015fta garip bir \u015fekilde moral bozucu olsa da, ayn\u0131 zamanda bana ilham verdi. \u0130nsanlar\u0131n d\u00fcnyay\u0131 ger\u00e7ekten merak etti\u011fini ve bu merak\u0131 payla\u015fman\u0131n ne kadar keyifli olabilece\u011fini fark ettim. \u0130\u015fte tam da bu motivasyonla <b>\u0130stikamet Burasi<\/b> ser\u00fcveni ger\u00e7ek anlamda ba\u015flam\u0131\u015f oldu.<\/p>\n<p class=\"p3\"><b>Sonu\u00e7: Hayata De\u011fer Katan Bir Deneyim<\/b><b><\/b><\/p>\n<p class=\"p1\">G\u00fcney Kore\u2019de ge\u00e7irdi\u011fim 6 ay, sadece akademik ve ki\u015fisel geli\u015fimime de\u011fil, ayn\u0131 zamanda yeni bir d\u00fcnyan\u0131n kap\u0131lar\u0131n\u0131 aralamama da vesile oldu. Bug\u00fcn, \u0130stikamet Burasi sayesinde sadece an\u0131lar\u0131m\u0131 biriktirmiyor, ayn\u0131 zamanda ba\u015fkalar\u0131na ilham vermek ve d\u00fcnyan\u0131n d\u00f6rt bir yan\u0131n\u0131 ke\u015ffetmeye te\u015fvik etmek i\u00e7in bir platform sunuyorum. E\u011fer siz de bir g\u00fcn benzer bir f\u0131rsatla kar\u015f\u0131la\u015f\u0131rsan\u0131z, \u201cNeden yapmayay\u0131m ki?\u201d diyerek yola \u00e7\u0131kman\u0131z\u0131 t\u00fcm i\u00e7tenli\u011fimle tavsiye ederim\ud83d\ude0a<\/p>\n<p>D\u00f6n\u00fc\u015f zaman\u0131 yakla\u015ft\u0131k\u00e7a \u00fcz\u00fclmeye, hi\u00e7 geri d\u00f6nmek istemedi\u011fimi daha a\u011f\u0131r bir \u015fekilde hissetmeye ba\u015flad\u0131m. \u0130lk haftalar\u0131mda her g\u00fcn neden geldi\u011fimi sorgularken, 6 ay sonras\u0131nda d\u00f6nece\u011fim i\u00e7in neredeyse a\u011flayacak olman\u0131n de\u011fi\u015fimi \u00e7ok ilgin\u00e7 gelmi\u015fti bana.<\/p>\n<p>Sonu\u00e7 olarak, beni ben yapan pek \u00e7ok deneyimi kazand\u0131\u011f\u0131m, kendimi \u00e7ok daha iyi tan\u0131d\u0131\u011f\u0131m, muhte\u015fem arkada\u015fl\u0131klar\u0131 kazand\u0131\u011f\u0131m, birbirinden g\u00fczel pek \u00e7ok \u015fehrini ve yeme\u011fini denedi\u011fim \u015fahane bir 6 ay olmu\u015ftu.<\/p>\n<p>Bug\u00fcn sorsan\u0131z hayat\u0131ndaki &#8220;iyi kilerin&#8221; neler diye, kesinlikle ilk 3&#8242; te G\u00fcney Kore&#8217;de yapt\u0131\u011f\u0131m Exchange olur.<\/p>\n<p>Peki istikametburasi tam olarak bunun neresinde derseniz de, ben Kore&#8217;ye gitmeden hemen \u00f6nce sayfam\u0131 a\u00e7m\u0131\u015ft\u0131m ve Avrupa&#8217;da gezdi\u011fim yerlerden foto\u011fraflar payla\u015farak bilgiler yaz\u0131yordum. G\u00fcney Kore&#8217;ye gittikten sonra da orada gezerken payla\u015f\u0131mlar yapmaya ba\u015flam\u0131\u015ft\u0131m. Fakat \u00e7ok az payla\u015f\u0131m yap\u0131p pek de \u00f6nemsemiyordum, daha \u00e7ok an\u0131lar\u0131m\u0131 biriktirece\u011fim bir sayfa olarak d\u00fc\u015f\u00fcn\u00fcyordum. Ne zaman ki Busan&#8217;da bir Budist Tap\u0131na\u011f\u0131&#8217;na gittim ve bir foto\u011fraf payla\u015ft\u0131m, birka\u00e7 saat i\u00e7erisinde foto\u011fraf binlerce be\u011feni ald\u0131. O zaman takip\u00e7i say\u0131m 400 civar\u0131yd\u0131 ama Instagram&#8217;a ne zaman girsem yeni be\u011feni geliyordu. Tabii ki \u00e7ok \u015fa\u015f\u0131rm\u0131\u015ft\u0131m ve bu mutluluk ile \u015fa\u015fk\u0131nl\u0131k aras\u0131 ya\u015fad\u0131\u011f\u0131m duygu daha yeni gelmi\u015fken, Budist Tap\u0131na\u011f\u0131&#8217;n\u0131 ve hakk\u0131nda bilgileri payla\u015ft\u0131\u011f\u0131m i\u00e7in hakaret ve \u015fikayetler gelmeye ba\u015flad\u0131. Mesaj kutum beni takip etmeyen insanlardan gelen hakaret i\u00e7erikli yaz\u0131larla dolmu\u015ftu \ud83d\ude42 Zaten 2-3 g\u00fcn sonra da a\u015f\u0131r\u0131 \u015fikayetten dolay\u0131 Instagram foto\u011fraf\u0131 kald\u0131rm\u0131\u015ft\u0131 \ud83d\ude02<\/p>\n<p>Fakat bu olay\u0131n iyi taraf\u0131ndan bakacak olursak, gelen be\u011feni ve takip say\u0131s\u0131 insanlar\u0131n ger\u00e7ekten d\u00fcnyay\u0131 merak etti\u011fini, gezdik\u00e7e payla\u015fman\u0131n da keyifli olabilece\u011fini hissettirdi ve istikametburasi ser\u00fcvenine de tam olarak ba\u015flam\u0131\u015f oldum.<\/p>\n","protected":false},"excerpt":{"rendered":"<p>2019: Uzak Do\u011fu\u2019ya Yolculuk ve G\u00fcney Kore\u2019de Bir De\u011fi\u015fim Hikayesi Uzak Do\u011fu hakk\u0131nda hi\u00e7bir fikrim yokken, 2019 y\u0131l\u0131nda tamamen i\u00e7imden<\/p>\n","protected":false},"author":1,"featured_media":803,"comment_status":"closed","ping_status":"open","sticky":false,"template":"","format":"standard","meta":{"om_disable_all_campaigns":false,"_mi_skip_tracking":false},"categories":[32],"tags":[],"_links":{"self":[{"href":"https:\/\/istikametburasi.com\/index.php\/wp-json\/wp\/v2\/posts\/66"}],"collection":[{"href":"https:\/\/istikametburasi.com\/index.php\/wp-json\/wp\/v2\/posts"}],"about":[{"href":"https:\/\/istikametburasi.com\/index.php\/wp-json\/wp\/v2\/types\/post"}],"author":[{"embeddable":true,"href":"https:\/\/istikametburasi.com\/index.php\/wp-json\/wp\/v2\/users\/1"}],"replies":[{"embeddable":true,"href":"https:\/\/istikametburasi.com\/index.php\/wp-json\/wp\/v2\/comments?post=66"}],"version-history":[{"count":5,"href":"https:\/\/istikametburasi.com\/index.php\/wp-json\/wp\/v2\/posts\/66\/revisions"}],"predecessor-version":[{"id":2386,"href":"https:\/\/istikametburasi.com\/index.php\/wp-json\/wp\/v2\/posts\/66\/revisions\/2386"}],"wp:featuredmedia":[{"embeddable":true,"href":"https:\/\/istikametburasi.com\/index.php\/wp-json\/wp\/v2\/media\/803"}],"wp:attachment":[{"href":"https:\/\/istikametburasi.com\/index.php\/wp-json\/wp\/v2\/media?parent=66"}],"wp:term":[{"taxonomy":"category","embeddable":true,"href":"https:\/\/istikametburasi.com\/index.php\/wp-json\/wp\/v2\/categories?post=66"},{"taxonomy":"post_tag","embeddable":true,"href":"https:\/\/istikametburasi.com\/index.php\/wp-json\/wp\/v2\/tags?post=66"}],"curies":[{"name":"wp","href":"https:\/\/api.w.org\/{rel}","templated":true}]}}